{"id":10351,"date":"2023-08-15T14:09:27","date_gmt":"2023-08-15T11:09:27","guid":{"rendered":"https:\/\/www.omerdental.com\/blog\/ortodoncia\/"},"modified":"2025-05-14T15:29:28","modified_gmt":"2025-05-14T12:29:28","slug":"ortodoncia","status":"publish","type":"post","link":"https:\/\/www.omerdental.com\/es\/blog\/ortodoncia\/","title":{"rendered":"Ortodoncia"},"content":{"rendered":"<p>La ortodoncia es una especialidad dentro de la odontolog\u00eda que se encarga de diagnosticar, prevenir y tratar las malposiciones dentales y las anomal\u00edas de los maxilares. En casos como la mand\u00edbula inferior prominente o retra\u00edda, se determina un tratamiento considerando tambi\u00e9n la edad del paciente. Durante la adolescencia, si las estructuras del maxilar superior o inferior est\u00e1n poco desarrolladas, la ortodoncia puede ofrecer una soluci\u00f3n.<\/p>\n<p>En adultos con anomal\u00edas esquel\u00e9ticas, se requiere un tratamiento combinado de ortodoncia y cirug\u00eda. Estos procedimientos no solo tienen fines est\u00e9ticos, sino que tambi\u00e9n se realizan por las siguientes razones:<\/p>\n<ul>\n<li>Prevenci\u00f3n de enfermedades periodontales<\/li>\n<li>Evitar problemas en la articulaci\u00f3n temporomandibular<\/li>\n<li>Mejorar la funcionalidad al masticar<\/li>\n<li>Tratar trastornos del habla<\/li>\n<\/ul>\n<p>En nuestra cl\u00ednica, la ortodoncia es uno de los servicios que ofrecemos, y como en otras \u00e1reas, se puede evaluar mediante im\u00e1genes intraorales y radiograf\u00edas, incluso antes de una consulta presencial. Para los pacientes que vienen de otras ciudades o pa\u00edses, disponemos de hoteles colaboradores. Es posible contactarnos 24\/7 antes y despu\u00e9s del tratamiento.<\/p>\n<div id=\"ez-toc-container\" class=\"ez-toc-v2_0_82_2 counter-flat ez-toc-counter ez-toc-transparent ez-toc-container-direction\">\n<div class=\"ez-toc-title-container\">\n<p class=\"ez-toc-title ez-toc-toggle\" style=\"cursor:pointer\">Tabla de contenidos<\/p>\n<span class=\"ez-toc-title-toggle\"><a href=\"#\" class=\"ez-toc-pull-right ez-toc-btn ez-toc-btn-xs ez-toc-btn-default ez-toc-toggle\" aria-label=\"Alternar tabla de contenidos\"><span class=\"ez-toc-js-icon-con\"><span class=\"\"><span class=\"eztoc-hide\" style=\"display:none;\">Toggle<\/span><span class=\"ez-toc-icon-toggle-span\"><svg style=\"fill: #131b5c;color:#131b5c\" xmlns=\"http:\/\/www.w3.org\/2000\/svg\" class=\"list-377408\" width=\"20px\" height=\"20px\" viewBox=\"0 0 24 24\" fill=\"none\"><path d=\"M6 6H4v2h2V6zm14 0H8v2h12V6zM4 11h2v2H4v-2zm16 0H8v2h12v-2zM4 16h2v2H4v-2zm16 0H8v2h12v-2z\" fill=\"currentColor\"><\/path><\/svg><svg style=\"fill: #131b5c;color:#131b5c\" class=\"arrow-unsorted-368013\" xmlns=\"http:\/\/www.w3.org\/2000\/svg\" width=\"10px\" height=\"10px\" viewBox=\"0 0 24 24\" version=\"1.2\" baseProfile=\"tiny\"><path d=\"M18.2 9.3l-6.2-6.3-6.2 6.3c-.2.2-.3.4-.3.7s.1.5.3.7c.2.2.4.3.7.3h11c.3 0 .5-.1.7-.3.2-.2.3-.5.3-.7s-.1-.5-.3-.7zM5.8 14.7l6.2 6.3 6.2-6.3c.2-.2.3-.5.3-.7s-.1-.5-.3-.7c-.2-.2-.4-.3-.7-.3h-11c-.3 0-.5.1-.7.3-.2.2-.3.5-.3.7s.1.5.3.7z\"\/><\/svg><\/span><\/span><\/span><\/a><\/span><\/div>\n<nav><ul class='ez-toc-list ez-toc-list-level-1 eztoc-toggle-hide-by-default' ><li class='ez-toc-page-1'><a class=\"ez-toc-link ez-toc-heading-1\" href=\"https:\/\/www.omerdental.com\/es\/blog\/ortodoncia\/#%C2%BFPor_que_deberia_recibir_un_tratamiento_de_ortodoncia\" >\u00bfPor qu\u00e9 deber\u00eda recibir un tratamiento de ortodoncia?<\/a><\/li><li class='ez-toc-page-1'><a class=\"ez-toc-link ez-toc-heading-2\" href=\"https:\/\/www.omerdental.com\/es\/blog\/ortodoncia\/#%C2%BFComo_debo_cuidar_mis_dientes_y_aparatos_durante_el_tratamiento\" >\u00bfC\u00f3mo debo cuidar mis dientes y aparatos durante el tratamiento?<\/a><\/li><li class='ez-toc-page-1'><a class=\"ez-toc-link ez-toc-heading-3\" href=\"https:\/\/www.omerdental.com\/es\/blog\/ortodoncia\/#%C2%BFQuienes_no_deben_recibir_tratamiento_ortodontico\" >\u00bfQui\u00e9nes no deben recibir tratamiento ortod\u00f3ntico?<\/a><\/li><li class='ez-toc-page-1'><a class=\"ez-toc-link ez-toc-heading-4\" href=\"https:\/\/www.omerdental.com\/es\/blog\/ortodoncia\/#Invisalign\" >Invisalign<\/a><\/li><li class='ez-toc-page-1'><a class=\"ez-toc-link ez-toc-heading-5\" href=\"https:\/\/www.omerdental.com\/es\/blog\/ortodoncia\/#Incognito\" >Incognito<\/a><\/li><li class='ez-toc-page-1'><a class=\"ez-toc-link ez-toc-heading-6\" href=\"https:\/\/www.omerdental.com\/es\/blog\/ortodoncia\/#Aparatos_Removibles\" >Aparatos Removibles<\/a><\/li><li class='ez-toc-page-1'><a class=\"ez-toc-link ez-toc-heading-7\" href=\"https:\/\/www.omerdental.com\/es\/blog\/ortodoncia\/#Preguntas_Frecuentes\" >Preguntas Frecuentes<\/a><\/li><li class='ez-toc-page-1'><a class=\"ez-toc-link ez-toc-heading-8\" href=\"https:\/\/www.omerdental.com\/es\/blog\/ortodoncia\/#%C2%BFFumar_afecta_el_color_de_los_alineadores_transparentes\" >\u00bfFumar afecta el color de los alineadores transparentes?<\/a><\/li><li class='ez-toc-page-1'><a class=\"ez-toc-link ez-toc-heading-9\" href=\"https:\/\/www.omerdental.com\/es\/blog\/ortodoncia\/#%C2%BFEl_tratamiento_ortodontico_afecta_el_habla\" >\u00bfEl tratamiento ortod\u00f3ntico afecta el habla?<\/a><\/li><li class='ez-toc-page-1'><a class=\"ez-toc-link ez-toc-heading-10\" href=\"https:\/\/www.omerdental.com\/es\/blog\/ortodoncia\/#%C2%BFComo_debe_ser_el_cuidado_dental_durante_el_tratamiento_ortodontico\" >\u00bfC\u00f3mo debe ser el cuidado dental durante el tratamiento ortod\u00f3ntico?<\/a><\/li><li class='ez-toc-page-1'><a class=\"ez-toc-link ez-toc-heading-11\" href=\"https:\/\/www.omerdental.com\/es\/blog\/ortodoncia\/#%C2%BFEn_que_casos_se_aplica_el_tratamiento_ortodontico\" >\u00bfEn qu\u00e9 casos se aplica el tratamiento ortod\u00f3ntico?<\/a><\/li><li class='ez-toc-page-1'><a class=\"ez-toc-link ez-toc-heading-12\" href=\"https:\/\/www.omerdental.com\/es\/blog\/ortodoncia\/#%C2%BFA_que_edad_puede_comenzar_el_tratamiento_ortodontico\" >\u00bfA qu\u00e9 edad puede comenzar el tratamiento ortod\u00f3ntico?<\/a><\/li><\/ul><\/nav><\/div>\n<h2><span class=\"ez-toc-section\" id=\"%C2%BFPor_que_deberia_recibir_un_tratamiento_de_ortodoncia\"><\/span><b>\u00bfPor qu\u00e9 deber\u00eda recibir un tratamiento de ortodoncia?<\/b><span class=\"ez-toc-section-end\"><\/span><\/h2>\n<p>Muchas personas tienen los dientes api\u00f1ados o desalineados. La ortodoncia corrige los dientes y los coloca en una mejor posici\u00f3n. Esto mejora la apariencia de la sonrisa, la forma en que encajan los dientes y facilita su limpieza.<\/p>\n<p>Algunas personas tienen los dientes frontales superiores muy sobresalientes, lo que afecta la est\u00e9tica y aumenta el riesgo de lesiones. La ortodoncia puede realinearlos. Tambi\u00e9n puede corregir problemas de mordida entre el maxilar superior e inferior que afectan tanto la est\u00e9tica como la funci\u00f3n.<\/p>\n<p>Cuando los dientes no encajan correctamente, puede haber presi\u00f3n en los m\u00fasculos mandibulares, provocando problemas en la articulaci\u00f3n de la mand\u00edbula e incluso dolores de cabeza. El tratamiento ortod\u00f3ntico ayuda a equilibrar la mordida y reducir dicha presi\u00f3n.<\/p>\n<p><img loading=\"lazy\" decoding=\"async\" class=\"alignnone size-full wp-image-16754\" src=\"https:\/\/www.omerdental.com\/wp-content\/uploads\/2023\/08\/Orthodontic-Treatment-1.webp\" alt=\"\" width=\"800\" height=\"500\" srcset=\"https:\/\/www.omerdental.com\/wp-content\/uploads\/2023\/08\/Orthodontic-Treatment-1.webp 800w, https:\/\/www.omerdental.com\/wp-content\/uploads\/2023\/08\/Orthodontic-Treatment-1-300x188.webp 300w, https:\/\/www.omerdental.com\/wp-content\/uploads\/2023\/08\/Orthodontic-Treatment-1-150x94.webp 150w\" sizes=\"auto, (max-width: 800px) 100vw, 800px\" \/><\/p>\n<h2><span class=\"ez-toc-section\" id=\"%C2%BFComo_debo_cuidar_mis_dientes_y_aparatos_durante_el_tratamiento\"><\/span><b>\u00bfC\u00f3mo debo cuidar mis dientes y aparatos durante el tratamiento?<\/b><span class=\"ez-toc-section-end\"><\/span><\/h2>\n<p>Durante el tratamiento ortod\u00f3ntico, es fundamental acudir a controles regulares con el dentista. Adem\u00e1s, es importante mantener una excelente higiene bucal:<\/p>\n<ul>\n<li>Cepille cuidadosamente sus dientes todos los d\u00edas, incluyendo los espacios interdentales. Los aparatos son delicados, as\u00ed que aseg\u00farese de limpiarlos con cuidado. Su dentista le mostrar\u00e1 t\u00e9cnicas espec\u00edficas seg\u00fan el tipo de aparato que use.<\/li>\n<li>Reduzca el consumo de alimentos y bebidas azucaradas. Evite los snacks dulces, bebidas gaseosas y alimentos pegajosos o duros que puedan da\u00f1ar los aparatos.<\/li>\n<li>Cep\u00edllese los dientes por la noche y al menos una vez m\u00e1s durante el d\u00eda. Use enjuague bucal si lo desea o si se lo recomienda su dentista. Es posible que le sugieran una pasta dental con alto contenido de fl\u00faor o un gel\/enjuague especial.<\/li>\n<\/ul>\n<h2><span class=\"ez-toc-section\" id=\"%C2%BFQuienes_no_deben_recibir_tratamiento_ortodontico\"><\/span><b>\u00bfQui\u00e9nes no deben recibir tratamiento ortod\u00f3ntico?<\/b><span class=\"ez-toc-section-end\"><\/span><\/h2>\n<p>Para poder realizar un tratamiento ortod\u00f3ntico, no se deben tener problemas dentales graves como caries extensas o enfermedad periodontal. Colocar aparatos en dientes da\u00f1ados puede afectar negativamente su salud bucal.<\/p>\n<p>Si presenta caries o enfermedad de las enc\u00edas, debe tratarlas primero con su odont\u00f3logo. Luego, podr\u00e1 evaluar si la ortodoncia es adecuada para usted.<\/p>\n<h2><span class=\"ez-toc-section\" id=\"Invisalign\"><\/span><b>Invisalign<\/b><span class=\"ez-toc-section-end\"><\/span><\/h2>\n<p>Invisalign, tambi\u00e9n conocido como alineador transparente, es una opci\u00f3n muy popular. Se considera la versi\u00f3n invisible de los brackets tradicionales. Se fabrica espec\u00edficamente para cada paciente mediante un software de modelado 3D.<\/p>\n<p>No lleva alambres, por lo tanto, no causa molestias en la boca. Cada alineador corrige los dientes en intervalos de aproximadamente 0,5 mm. Deben usarse unas 18 horas al d\u00eda. Si se retiran durante 1 o 2 horas, no hay problema.<\/p>\n<p><b>Caracter\u00edsticas:<\/b><\/p>\n<ul>\n<li>No interfiere con la rutina diaria<\/li>\n<li>Es pr\u00e1cticamente invisible en la boca<\/li>\n<li>Puede retirarse para comer y cepillarse<\/li>\n<li>Est\u00e1 hecho de material suave, sin metal, por lo que no causa irritaci\u00f3n<\/li>\n<\/ul>\n<h2><span class=\"ez-toc-section\" id=\"Incognito\"><\/span><b>Incognito<\/b><span class=\"ez-toc-section-end\"><\/span><\/h2>\n<p>Incognito es un sistema fabricado por la empresa 3M y se coloca en la parte interna de los dientes. Es una opci\u00f3n com\u00fan para quienes se preocupan por su est\u00e9tica dental. Sin embargo, su uso depende de la evaluaci\u00f3n del dentista.<\/p>\n<p>Se toman impresiones del paciente, se escanean en 3D y se dise\u00f1an digitalmente para adaptarse a la parte lingual de los dientes. Cada alambre se personaliza para cada diente y se env\u00eda al dentista para su colocaci\u00f3n.<\/p>\n<h2><span class=\"ez-toc-section\" id=\"Aparatos_Removibles\"><\/span><b>Aparatos Removibles<\/b><span class=\"ez-toc-section-end\"><\/span><\/h2>\n<p>Los aparatos removibles se fijan con ganchos y no se adhieren a los dientes. Son f\u00e1ciles de poner y quitar. Se utilizan para:<\/p>\n<ul>\n<li>Malposiciones leves<\/li>\n<li>Expansi\u00f3n del maxilar<\/li>\n<li>Movimientos dentales simples<\/li>\n<li>Mantenedores de espacio<\/li>\n<li>Retenci\u00f3n post-tratamiento<\/li>\n<\/ul>\n<p>Se usan durante unos 7 meses. Deben utilizarse tanto de d\u00eda como de noche, excepto para comer y cepillarse. Cuando no se usan, deben guardarse en el estuche proporcionado por el dentista.<\/p>\n<p>Si el aparato se rompe o se pierde, se debe acudir al especialista lo antes posible, ya que la mand\u00edbula puede volver a su estado original.<\/p>\n<h3><span class=\"ez-toc-section\" id=\"Preguntas_Frecuentes\"><\/span><b>Preguntas Frecuentes<\/b><span class=\"ez-toc-section-end\"><\/span><\/h3>\n<h4><span class=\"ez-toc-section\" id=\"%C2%BFFumar_afecta_el_color_de_los_alineadores_transparentes\"><\/span><b>\u00bfFumar afecta el color de los alineadores transparentes?<\/b><span class=\"ez-toc-section-end\"><\/span><\/h4>\n<p>Los alineadores Invisalign son transparentes. El grado de cambio de color depende de la frecuencia con la que se fuma. Un uso excesivo puede causar amarillamiento.<br \/>\nEsto tambi\u00e9n aplica al consumo frecuente de t\u00e9 y caf\u00e9. Aunque los alineadores se cambian cada 15 d\u00edas, la decoloraci\u00f3n puede hacerse visible al hablar.<\/p>\n<h4><span class=\"ez-toc-section\" id=\"%C2%BFEl_tratamiento_ortodontico_afecta_el_habla\"><\/span><b>\u00bfEl tratamiento ortod\u00f3ntico afecta el habla?<\/b><span class=\"ez-toc-section-end\"><\/span><\/h4>\n<p>Despu\u00e9s de colocar los brackets, puede haber cambios temporales en la pronunciaci\u00f3n. Con los aparatos removibles, algunos sonidos pueden ser dif\u00edciles al principio. Sin embargo, en ambos casos, el habla suele normalizarse en una semana.<\/p>\n<h4><span class=\"ez-toc-section\" id=\"%C2%BFComo_debe_ser_el_cuidado_dental_durante_el_tratamiento_ortodontico\"><\/span><b>\u00bfC\u00f3mo debe ser el cuidado dental durante el tratamiento ortod\u00f3ntico?<\/b><span class=\"ez-toc-section-end\"><\/span><\/h4>\n<p>Durante la ortodoncia, mantener una buena higiene bucal es a\u00fan m\u00e1s importante. La acumulaci\u00f3n de placa alrededor de los brackets y alambres puede da\u00f1ar dientes y enc\u00edas. Se deben usar los cepillos y enjuagues recomendados por el dentista para prevenir la acumulaci\u00f3n bacteriana.<\/p>\n<h4><span class=\"ez-toc-section\" id=\"%C2%BFEn_que_casos_se_aplica_el_tratamiento_ortodontico\"><\/span><b>\u00bfEn qu\u00e9 casos se aplica el tratamiento ortod\u00f3ntico?<\/b><span class=\"ez-toc-section-end\"><\/span><\/h4>\n<p>Se aplica en casos de api\u00f1amiento dental, desajustes entre el maxilar superior e inferior, problemas de masticaci\u00f3n o degluci\u00f3n.<\/p>\n<h4><span class=\"ez-toc-section\" id=\"%C2%BFA_que_edad_puede_comenzar_el_tratamiento_ortodontico\"><\/span><b>\u00bfA qu\u00e9 edad puede comenzar el tratamiento ortod\u00f3ntico?<\/b><span class=\"ez-toc-section-end\"><\/span><\/h4>\n<p>Es m\u00e1s f\u00e1cil en ni\u00f1os, ya que sus dientes y huesos a\u00fan est\u00e1n en desarrollo. Pero se puede iniciar a cualquier edad si existe la necesidad.<\/p>\n","protected":false},"excerpt":{"rendered":"<p>La ortodoncia es una especialidad dentro de la odontolog\u00eda que se encarga de diagnosticar, prevenir y tratar las malposiciones dentales y las anomal\u00edas de los maxilares. En casos como la mand\u00edbula inferior prominente o retra\u00edda, se determina un tratamiento considerando tambi\u00e9n la edad del paciente. Durante la adolescencia, si las estructuras del maxilar superior o&#8230;<\/p>\n","protected":false},"author":4,"featured_media":15749,"comment_status":"closed","ping_status":"closed","sticky":false,"template":"","format":"standard","meta":{"footnotes":""},"categories":[47],"tags":[],"class_list":["post-10351","post","type-post","status-publish","format-standard","has-post-thumbnail","hentry","category-salud-bucodental"],"yoast_head":"<!-- This site is optimized with the Yoast SEO plugin v27.4 - https:\/\/yoast.com\/product\/yoast-seo-wordpress\/ -->\n<title>Tratamientos de Ortodoncia - Aparatos Asequibles en Turqu\u00eda<\/title>\n<meta name=\"description\" content=\"Corrija sus dientes torcidos con los nuevos tratamientos de ortodoncia de \u00faltima generaci\u00f3n. M\u00e1s informaci\u00f3n sobre nuestros tratamientos de ortodoncia...\" \/>\n<meta name=\"robots\" content=\"noindex, follow, max-snippet:-1, max-image-preview:large, max-video-preview:-1\" \/>\n<meta property=\"og:locale\" content=\"es_ES\" \/>\n<meta property=\"og:type\" content=\"article\" \/>\n<meta property=\"og:title\" content=\"Tratamientos de Ortodoncia - Aparatos Asequibles en Turqu\u00eda\" \/>\n<meta property=\"og:description\" content=\"Corrija sus dientes torcidos con los nuevos tratamientos de ortodoncia de \u00faltima generaci\u00f3n. M\u00e1s informaci\u00f3n sobre nuestros tratamientos de ortodoncia...\" \/>\n<meta property=\"og:url\" content=\"https:\/\/www.omerdental.com\/es\/blog\/ortodoncia\/\" \/>\n<meta property=\"og:site_name\" content=\"Omer Istanbul Dental Center\" \/>\n<meta property=\"article:publisher\" content=\"https:\/\/www.facebook.com\/omeristanbultr\/\" \/>\n<meta property=\"article:published_time\" content=\"2023-08-15T11:09:27+00:00\" \/>\n<meta property=\"article:modified_time\" content=\"2025-05-14T12:29:28+00:00\" \/>\n<meta property=\"og:image\" content=\"https:\/\/www.omerdental.com\/wp-content\/uploads\/2023\/08\/orthodontic-treatments-1.webp\" \/>\n\t<meta property=\"og:image:width\" content=\"700\" \/>\n\t<meta property=\"og:image:height\" content=\"700\" \/>\n\t<meta property=\"og:image:type\" content=\"image\/webp\" \/>\n<meta name=\"author\" content=\"Salim\" \/>\n<meta name=\"twitter:card\" content=\"summary_large_image\" \/>\n<meta name=\"twitter:creator\" content=\"@OmerIstanbultr\" \/>\n<meta name=\"twitter:site\" content=\"@OmerIstanbultr\" \/>\n<meta name=\"twitter:label1\" content=\"Escrito por\" \/>\n\t<meta name=\"twitter:data1\" content=\"Salim\" \/>\n\t<meta name=\"twitter:label2\" content=\"Tiempo de lectura\" \/>\n\t<meta name=\"twitter:data2\" content=\"5 minutos\" \/>\n<script type=\"application\/ld+json\" class=\"yoast-schema-graph\">{\"@context\":\"https:\\\/\\\/schema.org\",\"@graph\":[{\"@type\":\"Article\",\"@id\":\"https:\\\/\\\/www.omerdental.com\\\/es\\\/blog\\\/ortodoncia\\\/#article\",\"isPartOf\":{\"@id\":\"https:\\\/\\\/www.omerdental.com\\\/es\\\/blog\\\/ortodoncia\\\/\"},\"author\":{\"name\":\"Salim\",\"@id\":\"https:\\\/\\\/www.omerdental.com\\\/es\\\/#\\\/schema\\\/person\\\/b3c3ca3db81c508d44bc8b99b203fbf8\"},\"headline\":\"Ortodoncia\",\"datePublished\":\"2023-08-15T11:09:27+00:00\",\"dateModified\":\"2025-05-14T12:29:28+00:00\",\"mainEntityOfPage\":{\"@id\":\"https:\\\/\\\/www.omerdental.com\\\/es\\\/blog\\\/ortodoncia\\\/\"},\"wordCount\":1079,\"image\":{\"@id\":\"https:\\\/\\\/www.omerdental.com\\\/es\\\/blog\\\/ortodoncia\\\/#primaryimage\"},\"thumbnailUrl\":\"https:\\\/\\\/www.omerdental.com\\\/wp-content\\\/uploads\\\/2023\\\/08\\\/orthodontic-treatments-1.webp\",\"articleSection\":[\"Salud Bucodental\"],\"inLanguage\":\"es\"},{\"@type\":\"WebPage\",\"@id\":\"https:\\\/\\\/www.omerdental.com\\\/es\\\/blog\\\/ortodoncia\\\/\",\"url\":\"https:\\\/\\\/www.omerdental.com\\\/es\\\/blog\\\/ortodoncia\\\/\",\"name\":\"Tratamientos de Ortodoncia - Aparatos Asequibles en Turqu\u00eda\",\"isPartOf\":{\"@id\":\"https:\\\/\\\/www.omerdental.com\\\/es\\\/#website\"},\"primaryImageOfPage\":{\"@id\":\"https:\\\/\\\/www.omerdental.com\\\/es\\\/blog\\\/ortodoncia\\\/#primaryimage\"},\"image\":{\"@id\":\"https:\\\/\\\/www.omerdental.com\\\/es\\\/blog\\\/ortodoncia\\\/#primaryimage\"},\"thumbnailUrl\":\"https:\\\/\\\/www.omerdental.com\\\/wp-content\\\/uploads\\\/2023\\\/08\\\/orthodontic-treatments-1.webp\",\"datePublished\":\"2023-08-15T11:09:27+00:00\",\"dateModified\":\"2025-05-14T12:29:28+00:00\",\"author\":{\"@id\":\"https:\\\/\\\/www.omerdental.com\\\/es\\\/#\\\/schema\\\/person\\\/b3c3ca3db81c508d44bc8b99b203fbf8\"},\"description\":\"Corrija sus dientes torcidos con los nuevos tratamientos de ortodoncia de \u00faltima generaci\u00f3n. M\u00e1s informaci\u00f3n sobre nuestros tratamientos de ortodoncia...\",\"breadcrumb\":{\"@id\":\"https:\\\/\\\/www.omerdental.com\\\/es\\\/blog\\\/ortodoncia\\\/#breadcrumb\"},\"inLanguage\":\"es\",\"potentialAction\":[{\"@type\":\"ReadAction\",\"target\":[\"https:\\\/\\\/www.omerdental.com\\\/es\\\/blog\\\/ortodoncia\\\/\"]}]},{\"@type\":\"ImageObject\",\"inLanguage\":\"es\",\"@id\":\"https:\\\/\\\/www.omerdental.com\\\/es\\\/blog\\\/ortodoncia\\\/#primaryimage\",\"url\":\"https:\\\/\\\/www.omerdental.com\\\/wp-content\\\/uploads\\\/2023\\\/08\\\/orthodontic-treatments-1.webp\",\"contentUrl\":\"https:\\\/\\\/www.omerdental.com\\\/wp-content\\\/uploads\\\/2023\\\/08\\\/orthodontic-treatments-1.webp\",\"width\":700,\"height\":700},{\"@type\":\"BreadcrumbList\",\"@id\":\"https:\\\/\\\/www.omerdental.com\\\/es\\\/blog\\\/ortodoncia\\\/#breadcrumb\",\"itemListElement\":[{\"@type\":\"ListItem\",\"position\":1,\"name\":\"Anasayfa\",\"item\":\"https:\\\/\\\/www.omerdental.com\\\/es\\\/omer-istanbul\\\/\"},{\"@type\":\"ListItem\",\"position\":2,\"name\":\"Ortodoncia\"}]},{\"@type\":\"WebSite\",\"@id\":\"https:\\\/\\\/www.omerdental.com\\\/es\\\/#website\",\"url\":\"https:\\\/\\\/www.omerdental.com\\\/es\\\/\",\"name\":\"Omer Istanbul Dental Center\",\"description\":\"\",\"potentialAction\":[{\"@type\":\"SearchAction\",\"target\":{\"@type\":\"EntryPoint\",\"urlTemplate\":\"https:\\\/\\\/www.omerdental.com\\\/es\\\/?s={search_term_string}\"},\"query-input\":{\"@type\":\"PropertyValueSpecification\",\"valueRequired\":true,\"valueName\":\"search_term_string\"}}],\"inLanguage\":\"es\"},{\"@type\":\"Person\",\"@id\":\"https:\\\/\\\/www.omerdental.com\\\/es\\\/#\\\/schema\\\/person\\\/b3c3ca3db81c508d44bc8b99b203fbf8\",\"name\":\"Salim\",\"image\":{\"@type\":\"ImageObject\",\"inLanguage\":\"es\",\"@id\":\"https:\\\/\\\/secure.gravatar.com\\\/avatar\\\/53e648f4c7f20ec8166aad91d6f224f7587c627d2e1d9bde86de666b22c73ff3?s=96&d=mm&r=g\",\"url\":\"https:\\\/\\\/secure.gravatar.com\\\/avatar\\\/53e648f4c7f20ec8166aad91d6f224f7587c627d2e1d9bde86de666b22c73ff3?s=96&d=mm&r=g\",\"contentUrl\":\"https:\\\/\\\/secure.gravatar.com\\\/avatar\\\/53e648f4c7f20ec8166aad91d6f224f7587c627d2e1d9bde86de666b22c73ff3?s=96&d=mm&r=g\",\"caption\":\"Salim\"},\"url\":\"https:\\\/\\\/www.omerdental.com\\\/es\\\/blog\\\/author\\\/salim\\\/\"}]}<\/script>\n<!-- \/ Yoast SEO plugin. -->","yoast_head_json":{"title":"Tratamientos de Ortodoncia - Aparatos Asequibles en Turqu\u00eda","description":"Corrija sus dientes torcidos con los nuevos tratamientos de ortodoncia de \u00faltima generaci\u00f3n. M\u00e1s informaci\u00f3n sobre nuestros tratamientos de ortodoncia...","robots":{"index":"noindex","follow":"follow","max-snippet":"max-snippet:-1","max-image-preview":"max-image-preview:large","max-video-preview":"max-video-preview:-1"},"og_locale":"es_ES","og_type":"article","og_title":"Tratamientos de Ortodoncia - Aparatos Asequibles en Turqu\u00eda","og_description":"Corrija sus dientes torcidos con los nuevos tratamientos de ortodoncia de \u00faltima generaci\u00f3n. M\u00e1s informaci\u00f3n sobre nuestros tratamientos de ortodoncia...","og_url":"https:\/\/www.omerdental.com\/es\/blog\/ortodoncia\/","og_site_name":"Omer Istanbul Dental Center","article_publisher":"https:\/\/www.facebook.com\/omeristanbultr\/","article_published_time":"2023-08-15T11:09:27+00:00","article_modified_time":"2025-05-14T12:29:28+00:00","og_image":[{"width":700,"height":700,"url":"https:\/\/www.omerdental.com\/wp-content\/uploads\/2023\/08\/orthodontic-treatments-1.webp","type":"image\/webp"}],"author":"Salim","twitter_card":"summary_large_image","twitter_creator":"@OmerIstanbultr","twitter_site":"@OmerIstanbultr","twitter_misc":{"Escrito por":"Salim","Tiempo de lectura":"5 minutos"},"schema":{"@context":"https:\/\/schema.org","@graph":[{"@type":"Article","@id":"https:\/\/www.omerdental.com\/es\/blog\/ortodoncia\/#article","isPartOf":{"@id":"https:\/\/www.omerdental.com\/es\/blog\/ortodoncia\/"},"author":{"name":"Salim","@id":"https:\/\/www.omerdental.com\/es\/#\/schema\/person\/b3c3ca3db81c508d44bc8b99b203fbf8"},"headline":"Ortodoncia","datePublished":"2023-08-15T11:09:27+00:00","dateModified":"2025-05-14T12:29:28+00:00","mainEntityOfPage":{"@id":"https:\/\/www.omerdental.com\/es\/blog\/ortodoncia\/"},"wordCount":1079,"image":{"@id":"https:\/\/www.omerdental.com\/es\/blog\/ortodoncia\/#primaryimage"},"thumbnailUrl":"https:\/\/www.omerdental.com\/wp-content\/uploads\/2023\/08\/orthodontic-treatments-1.webp","articleSection":["Salud Bucodental"],"inLanguage":"es"},{"@type":"WebPage","@id":"https:\/\/www.omerdental.com\/es\/blog\/ortodoncia\/","url":"https:\/\/www.omerdental.com\/es\/blog\/ortodoncia\/","name":"Tratamientos de Ortodoncia - Aparatos Asequibles en Turqu\u00eda","isPartOf":{"@id":"https:\/\/www.omerdental.com\/es\/#website"},"primaryImageOfPage":{"@id":"https:\/\/www.omerdental.com\/es\/blog\/ortodoncia\/#primaryimage"},"image":{"@id":"https:\/\/www.omerdental.com\/es\/blog\/ortodoncia\/#primaryimage"},"thumbnailUrl":"https:\/\/www.omerdental.com\/wp-content\/uploads\/2023\/08\/orthodontic-treatments-1.webp","datePublished":"2023-08-15T11:09:27+00:00","dateModified":"2025-05-14T12:29:28+00:00","author":{"@id":"https:\/\/www.omerdental.com\/es\/#\/schema\/person\/b3c3ca3db81c508d44bc8b99b203fbf8"},"description":"Corrija sus dientes torcidos con los nuevos tratamientos de ortodoncia de \u00faltima generaci\u00f3n. M\u00e1s informaci\u00f3n sobre nuestros tratamientos de ortodoncia...","breadcrumb":{"@id":"https:\/\/www.omerdental.com\/es\/blog\/ortodoncia\/#breadcrumb"},"inLanguage":"es","potentialAction":[{"@type":"ReadAction","target":["https:\/\/www.omerdental.com\/es\/blog\/ortodoncia\/"]}]},{"@type":"ImageObject","inLanguage":"es","@id":"https:\/\/www.omerdental.com\/es\/blog\/ortodoncia\/#primaryimage","url":"https:\/\/www.omerdental.com\/wp-content\/uploads\/2023\/08\/orthodontic-treatments-1.webp","contentUrl":"https:\/\/www.omerdental.com\/wp-content\/uploads\/2023\/08\/orthodontic-treatments-1.webp","width":700,"height":700},{"@type":"BreadcrumbList","@id":"https:\/\/www.omerdental.com\/es\/blog\/ortodoncia\/#breadcrumb","itemListElement":[{"@type":"ListItem","position":1,"name":"Anasayfa","item":"https:\/\/www.omerdental.com\/es\/omer-istanbul\/"},{"@type":"ListItem","position":2,"name":"Ortodoncia"}]},{"@type":"WebSite","@id":"https:\/\/www.omerdental.com\/es\/#website","url":"https:\/\/www.omerdental.com\/es\/","name":"Omer Istanbul Dental Center","description":"","potentialAction":[{"@type":"SearchAction","target":{"@type":"EntryPoint","urlTemplate":"https:\/\/www.omerdental.com\/es\/?s={search_term_string}"},"query-input":{"@type":"PropertyValueSpecification","valueRequired":true,"valueName":"search_term_string"}}],"inLanguage":"es"},{"@type":"Person","@id":"https:\/\/www.omerdental.com\/es\/#\/schema\/person\/b3c3ca3db81c508d44bc8b99b203fbf8","name":"Salim","image":{"@type":"ImageObject","inLanguage":"es","@id":"https:\/\/secure.gravatar.com\/avatar\/53e648f4c7f20ec8166aad91d6f224f7587c627d2e1d9bde86de666b22c73ff3?s=96&d=mm&r=g","url":"https:\/\/secure.gravatar.com\/avatar\/53e648f4c7f20ec8166aad91d6f224f7587c627d2e1d9bde86de666b22c73ff3?s=96&d=mm&r=g","contentUrl":"https:\/\/secure.gravatar.com\/avatar\/53e648f4c7f20ec8166aad91d6f224f7587c627d2e1d9bde86de666b22c73ff3?s=96&d=mm&r=g","caption":"Salim"},"url":"https:\/\/www.omerdental.com\/es\/blog\/author\/salim\/"}]}},"_links":{"self":[{"href":"https:\/\/www.omerdental.com\/es\/wp-json\/wp\/v2\/posts\/10351","targetHints":{"allow":["GET"]}}],"collection":[{"href":"https:\/\/www.omerdental.com\/es\/wp-json\/wp\/v2\/posts"}],"about":[{"href":"https:\/\/www.omerdental.com\/es\/wp-json\/wp\/v2\/types\/post"}],"author":[{"embeddable":true,"href":"https:\/\/www.omerdental.com\/es\/wp-json\/wp\/v2\/users\/4"}],"replies":[{"embeddable":true,"href":"https:\/\/www.omerdental.com\/es\/wp-json\/wp\/v2\/comments?post=10351"}],"version-history":[{"count":3,"href":"https:\/\/www.omerdental.com\/es\/wp-json\/wp\/v2\/posts\/10351\/revisions"}],"predecessor-version":[{"id":16761,"href":"https:\/\/www.omerdental.com\/es\/wp-json\/wp\/v2\/posts\/10351\/revisions\/16761"}],"wp:featuredmedia":[{"embeddable":true,"href":"https:\/\/www.omerdental.com\/es\/wp-json\/wp\/v2\/media\/15749"}],"wp:attachment":[{"href":"https:\/\/www.omerdental.com\/es\/wp-json\/wp\/v2\/media?parent=10351"}],"wp:term":[{"taxonomy":"category","embeddable":true,"href":"https:\/\/www.omerdental.com\/es\/wp-json\/wp\/v2\/categories?post=10351"},{"taxonomy":"post_tag","embeddable":true,"href":"https:\/\/www.omerdental.com\/es\/wp-json\/wp\/v2\/tags?post=10351"}],"curies":[{"name":"wp","href":"https:\/\/api.w.org\/{rel}","templated":true}]}}