{"id":10396,"date":"2023-08-15T11:30:53","date_gmt":"2023-08-15T08:30:53","guid":{"rendered":"https:\/\/www.omerdental.com\/blog\/prothese-dentaire\/"},"modified":"2025-04-18T15:51:00","modified_gmt":"2025-04-18T12:51:00","slug":"prothese-dentaire","status":"publish","type":"post","link":"https:\/\/www.omerdental.com\/fr\/blog\/prothese-dentaire\/","title":{"rendered":"Proth\u00e8se dentaire"},"content":{"rendered":"<p>Une proth\u00e8se dentaire est appliqu\u00e9e lorsque les gencives, les dents ou les tissus environnants sont perdus ou endommag\u00e9s pour diverses raisons. Elle est fabriqu\u00e9e sur mesure pour chaque patient. L&rsquo;application peut concerner une seule dent ou l\u2019ensemble de la dentition.<\/p>\n<p>Cependant, la priorit\u00e9 reste toujours la conservation des dents naturelles du patient. Chaque personne ayant une couleur osseuse diff\u00e9rente, les proth\u00e8ses sont con\u00e7ues en fonction de l&rsquo;os du patient. Ainsi, elles ne se distinguent pas visuellement des dents naturelles. Le principal objectif est de redonner au patient sa capacit\u00e9 de mastication.<\/p>\n<p>Dans notre clinique, nos dentistes sp\u00e9cialis\u00e9s peuvent effectuer une \u00e9valuation pr\u00e9liminaire \u00e0 distance en demandant des images intra-buccales et des radiographies. Si vous avez des questions avant ou apr\u00e8s le traitement, n\u2019h\u00e9sitez pas \u00e0 nous contacter via nos canaux de communication.<\/p>\n<p>Si vous venez d\u2019une autre ville ou d\u2019un autre pays pour des soins dentaires, notre clinique propose \u00e9galement des services suppl\u00e9mentaires tels que le transport et l\u2019h\u00e9bergement.<\/p>\n<div id=\"ez-toc-container\" class=\"ez-toc-v2_0_82_2 counter-flat ez-toc-counter ez-toc-transparent ez-toc-container-direction\">\n<div class=\"ez-toc-title-container\">\n<p class=\"ez-toc-title ez-toc-toggle\" style=\"cursor:pointer\">Table des mati\u00e8res<\/p>\n<span class=\"ez-toc-title-toggle\"><a href=\"#\" class=\"ez-toc-pull-right ez-toc-btn ez-toc-btn-xs ez-toc-btn-default ez-toc-toggle\" aria-label=\"Toggle Table of Content\"><span class=\"ez-toc-js-icon-con\"><span class=\"\"><span class=\"eztoc-hide\" style=\"display:none;\">Toggle<\/span><span class=\"ez-toc-icon-toggle-span\"><svg style=\"fill: #131b5c;color:#131b5c\" xmlns=\"http:\/\/www.w3.org\/2000\/svg\" class=\"list-377408\" width=\"20px\" height=\"20px\" viewBox=\"0 0 24 24\" fill=\"none\"><path d=\"M6 6H4v2h2V6zm14 0H8v2h12V6zM4 11h2v2H4v-2zm16 0H8v2h12v-2zM4 16h2v2H4v-2zm16 0H8v2h12v-2z\" fill=\"currentColor\"><\/path><\/svg><svg style=\"fill: #131b5c;color:#131b5c\" class=\"arrow-unsorted-368013\" xmlns=\"http:\/\/www.w3.org\/2000\/svg\" width=\"10px\" height=\"10px\" viewBox=\"0 0 24 24\" version=\"1.2\" baseProfile=\"tiny\"><path d=\"M18.2 9.3l-6.2-6.3-6.2 6.3c-.2.2-.3.4-.3.7s.1.5.3.7c.2.2.4.3.7.3h11c.3 0 .5-.1.7-.3.2-.2.3-.5.3-.7s-.1-.5-.3-.7zM5.8 14.7l6.2 6.3 6.2-6.3c.2-.2.3-.5.3-.7s-.1-.5-.3-.7c-.2-.2-.4-.3-.7-.3h-11c-.3 0-.5.1-.7.3-.2.2-.3.5-.3.7s.1.5.3.7z\"\/><\/svg><\/span><\/span><\/span><\/a><\/span><\/div>\n<nav><ul class='ez-toc-list ez-toc-list-level-1 eztoc-toggle-hide-by-default' ><li class='ez-toc-page-1'><a class=\"ez-toc-link ez-toc-heading-1\" href=\"https:\/\/www.omerdental.com\/fr\/blog\/prothese-dentaire\/#Prothese_Dentaire_Complete\" >Proth\u00e8se Dentaire Compl\u00e8te<\/a><\/li><li class='ez-toc-page-1'><a class=\"ez-toc-link ez-toc-heading-2\" href=\"https:\/\/www.omerdental.com\/fr\/blog\/prothese-dentaire\/#Protheses_a_Attachements_de_Precision\" >Proth\u00e8ses \u00e0 Attachements de Pr\u00e9cision<\/a><\/li><li class='ez-toc-page-1'><a class=\"ez-toc-link ez-toc-heading-3\" href=\"https:\/\/www.omerdental.com\/fr\/blog\/prothese-dentaire\/#Protheses_Dentaires_a_Crochets\" >Proth\u00e8ses Dentaires \u00e0 Crochets<\/a><\/li><li class='ez-toc-page-1'><a class=\"ez-toc-link ez-toc-heading-4\" href=\"https:\/\/www.omerdental.com\/fr\/blog\/prothese-dentaire\/#Nettoyage_des_Protheses_Dentaires\" >Nettoyage des Proth\u00e8ses Dentaires<\/a><\/li><li class='ez-toc-page-1'><a class=\"ez-toc-link ez-toc-heading-5\" href=\"https:\/\/www.omerdental.com\/fr\/blog\/prothese-dentaire\/#Avantages_des_Protheses_Dentaires\" >Avantages des Proth\u00e8ses Dentaires<\/a><\/li><li class='ez-toc-page-1'><a class=\"ez-toc-link ez-toc-heading-6\" href=\"https:\/\/www.omerdental.com\/fr\/blog\/prothese-dentaire\/#Foire_Aux_Questions\" >Foire Aux Questions<\/a><\/li><li class='ez-toc-page-1'><a class=\"ez-toc-link ez-toc-heading-7\" href=\"https:\/\/www.omerdental.com\/fr\/blog\/prothese-dentaire\/#1_Combien_de_temps_faut-il_pour_shabituer_a_une_prothese_dentaire\" >1. Combien de temps faut-il pour s\u2019habituer \u00e0 une proth\u00e8se dentaire ?<\/a><\/li><li class='ez-toc-page-1'><a class=\"ez-toc-link ez-toc-heading-8\" href=\"https:\/\/www.omerdental.com\/fr\/blog\/prothese-dentaire\/#2_Que_faut-il_surveiller_avec_une_prothese_a_crochets\" >2. Que faut-il surveiller avec une proth\u00e8se \u00e0 crochets ?<\/a><\/li><li class='ez-toc-page-1'><a class=\"ez-toc-link ez-toc-heading-9\" href=\"https:\/\/www.omerdental.com\/fr\/blog\/prothese-dentaire\/#3_Quelle_est_la_duree_de_vie_des_protheses_a_crochets\" >3. Quelle est la dur\u00e9e de vie des proth\u00e8ses \u00e0 crochets ?<\/a><\/li><li class='ez-toc-page-1'><a class=\"ez-toc-link ez-toc-heading-10\" href=\"https:\/\/www.omerdental.com\/fr\/blog\/prothese-dentaire\/#4_Combien_de_temps_faut-il_pour_fabriquer_une_prothese_a_attachements_de_precision\" >4. Combien de temps faut-il pour fabriquer une proth\u00e8se \u00e0 attachements de pr\u00e9cision ?<\/a><\/li><li class='ez-toc-page-1'><a class=\"ez-toc-link ez-toc-heading-11\" href=\"https:\/\/www.omerdental.com\/fr\/blog\/prothese-dentaire\/#5_Quels_materiaux_sont_utilises_pour_fabriquer_les_protheses\" >5. Quels mat\u00e9riaux sont utilis\u00e9s pour fabriquer les proth\u00e8ses ?<\/a><\/li><li class='ez-toc-page-1'><a class=\"ez-toc-link ez-toc-heading-12\" href=\"https:\/\/www.omerdental.com\/fr\/blog\/prothese-dentaire\/#6_Faut-il_retirer_la_prothese_chaque_nuit\" >6. Faut-il retirer la proth\u00e8se chaque nuit ?<\/a><\/li><\/ul><\/nav><\/div>\n<h2><span class=\"ez-toc-section\" id=\"Prothese_Dentaire_Complete\"><\/span><b>Proth\u00e8se Dentaire Compl\u00e8te<\/b><span class=\"ez-toc-section-end\"><\/span><\/h2>\n<p>Les proth\u00e8ses compl\u00e8tes sont appliqu\u00e9es aux patients ayant perdu toutes leurs dents. Si toutes les dents sont perdues \u00e0 cause d\u2019une r\u00e9sorption osseuse, d\u2019un traumatisme ou de caries, cette m\u00e9thode est privil\u00e9gi\u00e9e. Les proth\u00e8ses sont plac\u00e9es en s\u2019appuyant sur les tissus sup\u00e9rieurs et inf\u00e9rieurs.<\/p>\n<p>Ce traitement permet \u00e9galement de restaurer le volume des joues et des l\u00e8vres, ce qui rajeunit le visage. Gr\u00e2ce \u00e0 l\u2019alignement esth\u00e9tique des dents, un sourire plus harmonieux est obtenu.<\/p>\n<p>Des radiographies du visage et de la m\u00e2choire sont prises, puis des empreintes sont r\u00e9alis\u00e9es pour d\u00e9terminer le type de proth\u00e8se. Les souhaits du patient sont \u00e9galement pris en compte dans un rapport envoy\u00e9 au laboratoire pour fabrication.<\/p>\n<p>Une fois la proth\u00e8se finalis\u00e9e, elle est envoy\u00e9e au dentiste pour un essai sur le patient. Si aucun ajustement n\u2019est n\u00e9cessaire, le traitement est termin\u00e9.<\/p>\n<p><b><img loading=\"lazy\" decoding=\"async\" class=\"alignnone size-full wp-image-16704\" src=\"https:\/\/www.omerdental.com\/wp-content\/uploads\/2023\/08\/dental-prosthesis.webp\" alt=\"\" width=\"800\" height=\"500\" srcset=\"https:\/\/www.omerdental.com\/wp-content\/uploads\/2023\/08\/dental-prosthesis.webp 800w, https:\/\/www.omerdental.com\/wp-content\/uploads\/2023\/08\/dental-prosthesis-300x188.webp 300w, https:\/\/www.omerdental.com\/wp-content\/uploads\/2023\/08\/dental-prosthesis-150x94.webp 150w\" sizes=\"auto, (max-width: 800px) 100vw, 800px\" \/><\/b><\/p>\n<h2><span class=\"ez-toc-section\" id=\"Protheses_a_Attachements_de_Precision\"><\/span><b>Proth\u00e8ses \u00e0 Attachements de Pr\u00e9cision<\/b><span class=\"ez-toc-section-end\"><\/span><\/h2>\n<p>Lorsque les proth\u00e8ses fixes ne sont pas envisageables et qu\u2019un grand nombre de dents manquent, les proth\u00e8ses \u00e0 attachements de pr\u00e9cision sont utilis\u00e9es. Des cavit\u00e9s sont pr\u00e9par\u00e9es sur certaines dents pour y ins\u00e9rer des attaches sp\u00e9cifiques.<\/p>\n<p>Ces syst\u00e8mes sont tr\u00e8s ajust\u00e9s au d\u00e9but, mais leur utilisation devient plus confortable avec le temps. En raison de leur sensibilit\u00e9, elles doivent \u00eatre retir\u00e9es et ins\u00e9r\u00e9es avec soin.<\/p>\n<h2><span class=\"ez-toc-section\" id=\"Protheses_Dentaires_a_Crochets\"><\/span><b>Proth\u00e8ses Dentaires \u00e0 Crochets<\/b><span class=\"ez-toc-section-end\"><\/span><\/h2>\n<p>Aussi appel\u00e9es proth\u00e8ses partielles amovibles, elles sont utilis\u00e9es lorsque les proth\u00e8ses fixes ne peuvent pas \u00eatre pos\u00e9es. La proth\u00e8se est fix\u00e9e \u00e0 l\u2019aide d\u2019un crochet sur une dent voisine de la zone \u00e9dent\u00e9e, facilitant ainsi l\u2019utilisation.<\/p>\n<p>Les patients doivent faire attention \u00e0 :<\/p>\n<ul>\n<li aria-level=\"1\">Effectuer des contr\u00f4les r\u00e9guliers chez le dentiste.<\/li>\n<li aria-level=\"1\">Nettoyer la proth\u00e8se soigneusement apr\u00e8s l\u2019avoir retir\u00e9e.<\/li>\n<li aria-level=\"1\">\u00c9viter de la brosser avec des objets durs qui pourraient l\u2019endommager.<\/li>\n<li aria-level=\"1\">Ne pas utiliser d\u2019eau chaude.<\/li>\n<li aria-level=\"1\">Manipuler avec pr\u00e9caution en raison de sa fragilit\u00e9.<\/li>\n<li aria-level=\"1\">Nettoyer la proth\u00e8se au moins deux fois par jour.<\/li>\n<li aria-level=\"1\">Nettoyer la bouche avant de remettre la proth\u00e8se.<\/li>\n<li aria-level=\"1\">La conserver dans un verre d\u2019eau propre pour \u00e9viter le dess\u00e8chement.<\/li>\n<\/ul>\n<h2><span class=\"ez-toc-section\" id=\"Nettoyage_des_Protheses_Dentaires\"><\/span><b>Nettoyage des Proth\u00e8ses Dentaires<\/b><span class=\"ez-toc-section-end\"><\/span><\/h2>\n<p>Les proth\u00e8ses amovibles doivent \u00eatre nettoy\u00e9es avec des produits sp\u00e9cifiques. Il existe des comprim\u00e9s \u00e0 dissoudre dans l\u2019eau. En l\u2019absence de produits, elles peuvent \u00eatre bross\u00e9es avec une brosse \u00e0 dents ou une brosse sp\u00e9ciale pour proth\u00e8ses.<\/p>\n<p>Apr\u00e8s avoir retir\u00e9 la proth\u00e8se, les dents naturelles restantes peuvent \u00eatre nettoy\u00e9es. Pour les proth\u00e8ses compl\u00e8tes, un simple rin\u00e7age suffit.<\/p>\n<p>Un nettoyage quotidien est essentiel pour pr\u00e9venir :<\/p>\n<ul>\n<li aria-level=\"1\">Probl\u00e8mes esth\u00e9tiques<\/li>\n<li aria-level=\"1\">Mauvaise haleine<\/li>\n<li aria-level=\"1\">Infections buccales<\/li>\n<li aria-level=\"1\">Irritations des tissus sous la proth\u00e8se<\/li>\n<\/ul>\n<p>Les proth\u00e8ses doivent \u00e9galement \u00eatre bross\u00e9es avant de se coucher. Il est recommand\u00e9 de les laisser tremper occasionnellement dans une solution sp\u00e9ciale, puis de bien les rincer avant de les remettre en bouche.<\/p>\n<h2><span class=\"ez-toc-section\" id=\"Avantages_des_Protheses_Dentaires\"><\/span><b>Avantages des Proth\u00e8ses Dentaires<\/b><span class=\"ez-toc-section-end\"><\/span><\/h2>\n<p>La sant\u00e9 bucco-dentaire est directement li\u00e9e \u00e0 la sant\u00e9 g\u00e9n\u00e9rale. L\u2019absence de dents affecte non seulement la bouche, mais aussi les fonctions vitales comme la mastication, la parole et l\u2019alimentation. Les proth\u00e8ses offrent \u00e9galement un sourire esth\u00e9tique et naturel.<\/p>\n<p>Avantages :<\/p>\n<ul>\n<li aria-level=\"1\">Elles \u00e9liminent les probl\u00e8mes fonctionnels caus\u00e9s par la perte de plusieurs dents ou de toute la dentition.<\/li>\n<li aria-level=\"1\">Elles restaurent un aspect dentaire complet.<\/li>\n<li aria-level=\"1\">Elles peuvent \u00eatre utilis\u00e9es comme des dents naturelles.<\/li>\n<li aria-level=\"1\">Apr\u00e8s une p\u00e9riode d\u2019adaptation, elles deviennent confortables.<\/li>\n<li aria-level=\"1\">Les prix varient pour convenir \u00e0 diff\u00e9rents budgets.<\/li>\n<\/ul>\n<h3><span class=\"ez-toc-section\" id=\"Foire_Aux_Questions\"><\/span><b>Foire Aux Questions<\/b><span class=\"ez-toc-section-end\"><\/span><\/h3>\n<h4><span class=\"ez-toc-section\" id=\"1_Combien_de_temps_faut-il_pour_shabituer_a_une_prothese_dentaire\"><\/span><b>1. Combien de temps faut-il pour s\u2019habituer \u00e0 une proth\u00e8se dentaire ?<\/b><span class=\"ez-toc-section-end\"><\/span><\/h4>\n<p>La p\u00e9riode d\u2019adaptation varie d\u2019un patient \u00e0 l\u2019autre, mais dure g\u00e9n\u00e9ralement quelques mois. Pendant cette p\u00e9riode, une g\u00eane peut \u00eatre ressentie, comme une sensation de flottement ou de pression. Apr\u00e8s adaptation, les muscles de la langue et des joues s\u2019ajustent \u00e0 la proth\u00e8se.<\/p>\n<h4><span class=\"ez-toc-section\" id=\"2_Que_faut-il_surveiller_avec_une_prothese_a_crochets\"><\/span><b>2. Que faut-il surveiller avec une proth\u00e8se \u00e0 crochets ?<\/b><span class=\"ez-toc-section-end\"><\/span><\/h4>\n<p>Elle doit \u00eatre manipul\u00e9e avec soin lors de la pose et du retrait pour ne pas endommager les crochets. Une fois bien positionn\u00e9e, il est possible de fermer la m\u00e2choire. Si elle n\u2019est pas correctement en place, ne forcez pas en fermant la bouche.<\/p>\n<h4><span class=\"ez-toc-section\" id=\"3_Quelle_est_la_duree_de_vie_des_protheses_a_crochets\"><\/span><b>3. Quelle est la dur\u00e9e de vie des proth\u00e8ses \u00e0 crochets ?<\/b><span class=\"ez-toc-section-end\"><\/span><\/h4>\n<p>Cela d\u00e9pend du patient. Une bonne hygi\u00e8ne et un bon entretien sont essentiels. Des probl\u00e8mes comme la r\u00e9sorption osseuse peuvent rendre la proth\u00e8se l\u00e2che. Il est aussi possible que les dents de support se d\u00e9t\u00e9riorent.<\/p>\n<h4><span class=\"ez-toc-section\" id=\"4_Combien_de_temps_faut-il_pour_fabriquer_une_prothese_a_attachements_de_precision\"><\/span><b>4. Combien de temps faut-il pour fabriquer une proth\u00e8se \u00e0 attachements de pr\u00e9cision ?<\/b><span class=\"ez-toc-section-end\"><\/span><\/h4>\n<p>Environ 5 s\u00e9ances, y compris les empreintes et les essais. En cas de casse, la r\u00e9paration peut \u00eatre faite en 1 ou 2 jours selon les d\u00e9g\u00e2ts.<\/p>\n<h4><span class=\"ez-toc-section\" id=\"5_Quels_materiaux_sont_utilises_pour_fabriquer_les_protheses\"><\/span><b>5. Quels mat\u00e9riaux sont utilis\u00e9s pour fabriquer les proth\u00e8ses ?<\/b><span class=\"ez-toc-section-end\"><\/span><\/h4>\n<p>Elles sont g\u00e9n\u00e9ralement faites de r\u00e9sine acrylique, d\u2019alliages m\u00e9talliques ou de c\u00e9ramique. Les proth\u00e8ses compl\u00e8tes sont en acrylique, tandis que les partielles peuvent inclure m\u00e9tal ou c\u00e9ramique.<\/p>\n<h4><span class=\"ez-toc-section\" id=\"6_Faut-il_retirer_la_prothese_chaque_nuit\"><\/span><b>6. Faut-il retirer la proth\u00e8se chaque nuit ?<\/b><span class=\"ez-toc-section-end\"><\/span><\/h4>\n<p>Retirer la proth\u00e8se la nuit permet aux muqueuses de se reposer, mais cela peut causer un inconfort au moment de la remettre. C\u2019est pourquoi certains pr\u00e9f\u00e8rent ne la retirer que certains jours de la semaine.<\/p>\n","protected":false},"excerpt":{"rendered":"<p>Une proth\u00e8se dentaire est appliqu\u00e9e lorsque les gencives, les dents ou les tissus environnants sont perdus ou endommag\u00e9s pour diverses raisons. Elle est fabriqu\u00e9e sur mesure pour chaque patient. L&rsquo;application peut concerner une seule dent ou l\u2019ensemble de la dentition. Cependant, la priorit\u00e9 reste toujours la conservation des dents naturelles du patient. Chaque personne ayant&#8230;<\/p>\n","protected":false},"author":4,"featured_media":15729,"comment_status":"closed","ping_status":"closed","sticky":false,"template":"","format":"standard","meta":{"footnotes":""},"categories":[54],"tags":[],"class_list":["post-10396","post","type-post","status-publish","format-standard","has-post-thumbnail","hentry","category-sante-bucco-dentaire"],"yoast_head":"<!-- This site is optimized with the Yoast SEO plugin v27.4 - https:\/\/yoast.com\/product\/yoast-seo-wordpress\/ -->\n<title>Implant dentaire - Proth\u00e8ses dentaires abordables en Turquie<\/title>\n<meta name=\"description\" content=\"Obtenez des informations sur nos proth\u00e8ses dentaires de nouvelle g\u00e9n\u00e9ration appliqu\u00e9es en cas de perte des dents et des tissus environnants pour une raison quelconque.\" \/>\n<meta name=\"robots\" content=\"noindex, follow, max-snippet:-1, max-image-preview:large, max-video-preview:-1\" \/>\n<meta property=\"og:locale\" content=\"fr_FR\" \/>\n<meta property=\"og:type\" content=\"article\" \/>\n<meta property=\"og:title\" content=\"Implant dentaire - Proth\u00e8ses dentaires abordables en Turquie\" \/>\n<meta property=\"og:description\" content=\"Obtenez des informations sur nos proth\u00e8ses dentaires de nouvelle g\u00e9n\u00e9ration appliqu\u00e9es en cas de perte des dents et des tissus environnants pour une raison quelconque.\" \/>\n<meta property=\"og:url\" content=\"https:\/\/www.omerdental.com\/fr\/blog\/prothese-dentaire\/\" \/>\n<meta property=\"og:site_name\" content=\"Omer Istanbul Dental Center\" \/>\n<meta property=\"article:publisher\" content=\"https:\/\/www.facebook.com\/omeristanbultr\/\" \/>\n<meta property=\"article:published_time\" content=\"2023-08-15T08:30:53+00:00\" \/>\n<meta property=\"article:modified_time\" content=\"2025-04-18T12:51:00+00:00\" \/>\n<meta property=\"og:image\" content=\"https:\/\/www.omerdental.com\/wp-content\/uploads\/2023\/08\/denture-prosthesis-1.webp\" \/>\n\t<meta property=\"og:image:width\" content=\"700\" \/>\n\t<meta property=\"og:image:height\" content=\"700\" \/>\n\t<meta property=\"og:image:type\" content=\"image\/webp\" \/>\n<meta name=\"author\" content=\"Salim\" \/>\n<meta name=\"twitter:card\" content=\"summary_large_image\" \/>\n<meta name=\"twitter:creator\" content=\"@OmerIstanbultr\" \/>\n<meta name=\"twitter:site\" content=\"@OmerIstanbultr\" \/>\n<meta name=\"twitter:label1\" content=\"\u00c9crit par\" \/>\n\t<meta name=\"twitter:data1\" content=\"Salim\" \/>\n\t<meta name=\"twitter:label2\" content=\"Dur\u00e9e de lecture estim\u00e9e\" \/>\n\t<meta name=\"twitter:data2\" content=\"6 minutes\" \/>\n<script type=\"application\/ld+json\" class=\"yoast-schema-graph\">{\"@context\":\"https:\\\/\\\/schema.org\",\"@graph\":[{\"@type\":\"Article\",\"@id\":\"https:\\\/\\\/www.omerdental.com\\\/fr\\\/blog\\\/prothese-dentaire\\\/#article\",\"isPartOf\":{\"@id\":\"https:\\\/\\\/www.omerdental.com\\\/fr\\\/blog\\\/prothese-dentaire\\\/\"},\"author\":{\"name\":\"Salim\",\"@id\":\"https:\\\/\\\/www.omerdental.com\\\/fr\\\/#\\\/schema\\\/person\\\/b3c3ca3db81c508d44bc8b99b203fbf8\"},\"headline\":\"Proth\u00e8se dentaire\",\"datePublished\":\"2023-08-15T08:30:53+00:00\",\"dateModified\":\"2025-04-18T12:51:00+00:00\",\"mainEntityOfPage\":{\"@id\":\"https:\\\/\\\/www.omerdental.com\\\/fr\\\/blog\\\/prothese-dentaire\\\/\"},\"wordCount\":1118,\"image\":{\"@id\":\"https:\\\/\\\/www.omerdental.com\\\/fr\\\/blog\\\/prothese-dentaire\\\/#primaryimage\"},\"thumbnailUrl\":\"https:\\\/\\\/www.omerdental.com\\\/wp-content\\\/uploads\\\/2023\\\/08\\\/denture-prosthesis-1.webp\",\"articleSection\":[\"Sant\u00e9 Bucco-Dentaire\"],\"inLanguage\":\"fr-FR\"},{\"@type\":\"WebPage\",\"@id\":\"https:\\\/\\\/www.omerdental.com\\\/fr\\\/blog\\\/prothese-dentaire\\\/\",\"url\":\"https:\\\/\\\/www.omerdental.com\\\/fr\\\/blog\\\/prothese-dentaire\\\/\",\"name\":\"Implant dentaire - Proth\u00e8ses dentaires abordables en Turquie\",\"isPartOf\":{\"@id\":\"https:\\\/\\\/www.omerdental.com\\\/fr\\\/#website\"},\"primaryImageOfPage\":{\"@id\":\"https:\\\/\\\/www.omerdental.com\\\/fr\\\/blog\\\/prothese-dentaire\\\/#primaryimage\"},\"image\":{\"@id\":\"https:\\\/\\\/www.omerdental.com\\\/fr\\\/blog\\\/prothese-dentaire\\\/#primaryimage\"},\"thumbnailUrl\":\"https:\\\/\\\/www.omerdental.com\\\/wp-content\\\/uploads\\\/2023\\\/08\\\/denture-prosthesis-1.webp\",\"datePublished\":\"2023-08-15T08:30:53+00:00\",\"dateModified\":\"2025-04-18T12:51:00+00:00\",\"author\":{\"@id\":\"https:\\\/\\\/www.omerdental.com\\\/fr\\\/#\\\/schema\\\/person\\\/b3c3ca3db81c508d44bc8b99b203fbf8\"},\"description\":\"Obtenez des informations sur nos proth\u00e8ses dentaires de nouvelle g\u00e9n\u00e9ration appliqu\u00e9es en cas de perte des dents et des tissus environnants pour une raison quelconque.\",\"breadcrumb\":{\"@id\":\"https:\\\/\\\/www.omerdental.com\\\/fr\\\/blog\\\/prothese-dentaire\\\/#breadcrumb\"},\"inLanguage\":\"fr-FR\",\"potentialAction\":[{\"@type\":\"ReadAction\",\"target\":[\"https:\\\/\\\/www.omerdental.com\\\/fr\\\/blog\\\/prothese-dentaire\\\/\"]}]},{\"@type\":\"ImageObject\",\"inLanguage\":\"fr-FR\",\"@id\":\"https:\\\/\\\/www.omerdental.com\\\/fr\\\/blog\\\/prothese-dentaire\\\/#primaryimage\",\"url\":\"https:\\\/\\\/www.omerdental.com\\\/wp-content\\\/uploads\\\/2023\\\/08\\\/denture-prosthesis-1.webp\",\"contentUrl\":\"https:\\\/\\\/www.omerdental.com\\\/wp-content\\\/uploads\\\/2023\\\/08\\\/denture-prosthesis-1.webp\",\"width\":700,\"height\":700},{\"@type\":\"BreadcrumbList\",\"@id\":\"https:\\\/\\\/www.omerdental.com\\\/fr\\\/blog\\\/prothese-dentaire\\\/#breadcrumb\",\"itemListElement\":[{\"@type\":\"ListItem\",\"position\":1,\"name\":\"Anasayfa\",\"item\":\"https:\\\/\\\/www.omerdental.com\\\/fr\\\/omer-istanbul\\\/\"},{\"@type\":\"ListItem\",\"position\":2,\"name\":\"Proth\u00e8se dentaire\"}]},{\"@type\":\"WebSite\",\"@id\":\"https:\\\/\\\/www.omerdental.com\\\/fr\\\/#website\",\"url\":\"https:\\\/\\\/www.omerdental.com\\\/fr\\\/\",\"name\":\"Omer Istanbul Dental Center\",\"description\":\"\",\"potentialAction\":[{\"@type\":\"SearchAction\",\"target\":{\"@type\":\"EntryPoint\",\"urlTemplate\":\"https:\\\/\\\/www.omerdental.com\\\/fr\\\/?s={search_term_string}\"},\"query-input\":{\"@type\":\"PropertyValueSpecification\",\"valueRequired\":true,\"valueName\":\"search_term_string\"}}],\"inLanguage\":\"fr-FR\"},{\"@type\":\"Person\",\"@id\":\"https:\\\/\\\/www.omerdental.com\\\/fr\\\/#\\\/schema\\\/person\\\/b3c3ca3db81c508d44bc8b99b203fbf8\",\"name\":\"Salim\",\"image\":{\"@type\":\"ImageObject\",\"inLanguage\":\"fr-FR\",\"@id\":\"https:\\\/\\\/secure.gravatar.com\\\/avatar\\\/53e648f4c7f20ec8166aad91d6f224f7587c627d2e1d9bde86de666b22c73ff3?s=96&d=mm&r=g\",\"url\":\"https:\\\/\\\/secure.gravatar.com\\\/avatar\\\/53e648f4c7f20ec8166aad91d6f224f7587c627d2e1d9bde86de666b22c73ff3?s=96&d=mm&r=g\",\"contentUrl\":\"https:\\\/\\\/secure.gravatar.com\\\/avatar\\\/53e648f4c7f20ec8166aad91d6f224f7587c627d2e1d9bde86de666b22c73ff3?s=96&d=mm&r=g\",\"caption\":\"Salim\"},\"url\":\"https:\\\/\\\/www.omerdental.com\\\/fr\\\/blog\\\/author\\\/salim\\\/\"}]}<\/script>\n<!-- \/ Yoast SEO plugin. -->","yoast_head_json":{"title":"Implant dentaire - Proth\u00e8ses dentaires abordables en Turquie","description":"Obtenez des informations sur nos proth\u00e8ses dentaires de nouvelle g\u00e9n\u00e9ration appliqu\u00e9es en cas de perte des dents et des tissus environnants pour une raison quelconque.","robots":{"index":"noindex","follow":"follow","max-snippet":"max-snippet:-1","max-image-preview":"max-image-preview:large","max-video-preview":"max-video-preview:-1"},"og_locale":"fr_FR","og_type":"article","og_title":"Implant dentaire - Proth\u00e8ses dentaires abordables en Turquie","og_description":"Obtenez des informations sur nos proth\u00e8ses dentaires de nouvelle g\u00e9n\u00e9ration appliqu\u00e9es en cas de perte des dents et des tissus environnants pour une raison quelconque.","og_url":"https:\/\/www.omerdental.com\/fr\/blog\/prothese-dentaire\/","og_site_name":"Omer Istanbul Dental Center","article_publisher":"https:\/\/www.facebook.com\/omeristanbultr\/","article_published_time":"2023-08-15T08:30:53+00:00","article_modified_time":"2025-04-18T12:51:00+00:00","og_image":[{"width":700,"height":700,"url":"https:\/\/www.omerdental.com\/wp-content\/uploads\/2023\/08\/denture-prosthesis-1.webp","type":"image\/webp"}],"author":"Salim","twitter_card":"summary_large_image","twitter_creator":"@OmerIstanbultr","twitter_site":"@OmerIstanbultr","twitter_misc":{"\u00c9crit par":"Salim","Dur\u00e9e de lecture estim\u00e9e":"6 minutes"},"schema":{"@context":"https:\/\/schema.org","@graph":[{"@type":"Article","@id":"https:\/\/www.omerdental.com\/fr\/blog\/prothese-dentaire\/#article","isPartOf":{"@id":"https:\/\/www.omerdental.com\/fr\/blog\/prothese-dentaire\/"},"author":{"name":"Salim","@id":"https:\/\/www.omerdental.com\/fr\/#\/schema\/person\/b3c3ca3db81c508d44bc8b99b203fbf8"},"headline":"Proth\u00e8se dentaire","datePublished":"2023-08-15T08:30:53+00:00","dateModified":"2025-04-18T12:51:00+00:00","mainEntityOfPage":{"@id":"https:\/\/www.omerdental.com\/fr\/blog\/prothese-dentaire\/"},"wordCount":1118,"image":{"@id":"https:\/\/www.omerdental.com\/fr\/blog\/prothese-dentaire\/#primaryimage"},"thumbnailUrl":"https:\/\/www.omerdental.com\/wp-content\/uploads\/2023\/08\/denture-prosthesis-1.webp","articleSection":["Sant\u00e9 Bucco-Dentaire"],"inLanguage":"fr-FR"},{"@type":"WebPage","@id":"https:\/\/www.omerdental.com\/fr\/blog\/prothese-dentaire\/","url":"https:\/\/www.omerdental.com\/fr\/blog\/prothese-dentaire\/","name":"Implant dentaire - Proth\u00e8ses dentaires abordables en Turquie","isPartOf":{"@id":"https:\/\/www.omerdental.com\/fr\/#website"},"primaryImageOfPage":{"@id":"https:\/\/www.omerdental.com\/fr\/blog\/prothese-dentaire\/#primaryimage"},"image":{"@id":"https:\/\/www.omerdental.com\/fr\/blog\/prothese-dentaire\/#primaryimage"},"thumbnailUrl":"https:\/\/www.omerdental.com\/wp-content\/uploads\/2023\/08\/denture-prosthesis-1.webp","datePublished":"2023-08-15T08:30:53+00:00","dateModified":"2025-04-18T12:51:00+00:00","author":{"@id":"https:\/\/www.omerdental.com\/fr\/#\/schema\/person\/b3c3ca3db81c508d44bc8b99b203fbf8"},"description":"Obtenez des informations sur nos proth\u00e8ses dentaires de nouvelle g\u00e9n\u00e9ration appliqu\u00e9es en cas de perte des dents et des tissus environnants pour une raison quelconque.","breadcrumb":{"@id":"https:\/\/www.omerdental.com\/fr\/blog\/prothese-dentaire\/#breadcrumb"},"inLanguage":"fr-FR","potentialAction":[{"@type":"ReadAction","target":["https:\/\/www.omerdental.com\/fr\/blog\/prothese-dentaire\/"]}]},{"@type":"ImageObject","inLanguage":"fr-FR","@id":"https:\/\/www.omerdental.com\/fr\/blog\/prothese-dentaire\/#primaryimage","url":"https:\/\/www.omerdental.com\/wp-content\/uploads\/2023\/08\/denture-prosthesis-1.webp","contentUrl":"https:\/\/www.omerdental.com\/wp-content\/uploads\/2023\/08\/denture-prosthesis-1.webp","width":700,"height":700},{"@type":"BreadcrumbList","@id":"https:\/\/www.omerdental.com\/fr\/blog\/prothese-dentaire\/#breadcrumb","itemListElement":[{"@type":"ListItem","position":1,"name":"Anasayfa","item":"https:\/\/www.omerdental.com\/fr\/omer-istanbul\/"},{"@type":"ListItem","position":2,"name":"Proth\u00e8se dentaire"}]},{"@type":"WebSite","@id":"https:\/\/www.omerdental.com\/fr\/#website","url":"https:\/\/www.omerdental.com\/fr\/","name":"Omer Istanbul Dental Center","description":"","potentialAction":[{"@type":"SearchAction","target":{"@type":"EntryPoint","urlTemplate":"https:\/\/www.omerdental.com\/fr\/?s={search_term_string}"},"query-input":{"@type":"PropertyValueSpecification","valueRequired":true,"valueName":"search_term_string"}}],"inLanguage":"fr-FR"},{"@type":"Person","@id":"https:\/\/www.omerdental.com\/fr\/#\/schema\/person\/b3c3ca3db81c508d44bc8b99b203fbf8","name":"Salim","image":{"@type":"ImageObject","inLanguage":"fr-FR","@id":"https:\/\/secure.gravatar.com\/avatar\/53e648f4c7f20ec8166aad91d6f224f7587c627d2e1d9bde86de666b22c73ff3?s=96&d=mm&r=g","url":"https:\/\/secure.gravatar.com\/avatar\/53e648f4c7f20ec8166aad91d6f224f7587c627d2e1d9bde86de666b22c73ff3?s=96&d=mm&r=g","contentUrl":"https:\/\/secure.gravatar.com\/avatar\/53e648f4c7f20ec8166aad91d6f224f7587c627d2e1d9bde86de666b22c73ff3?s=96&d=mm&r=g","caption":"Salim"},"url":"https:\/\/www.omerdental.com\/fr\/blog\/author\/salim\/"}]}},"_links":{"self":[{"href":"https:\/\/www.omerdental.com\/fr\/wp-json\/wp\/v2\/posts\/10396","targetHints":{"allow":["GET"]}}],"collection":[{"href":"https:\/\/www.omerdental.com\/fr\/wp-json\/wp\/v2\/posts"}],"about":[{"href":"https:\/\/www.omerdental.com\/fr\/wp-json\/wp\/v2\/types\/post"}],"author":[{"embeddable":true,"href":"https:\/\/www.omerdental.com\/fr\/wp-json\/wp\/v2\/users\/4"}],"replies":[{"embeddable":true,"href":"https:\/\/www.omerdental.com\/fr\/wp-json\/wp\/v2\/comments?post=10396"}],"version-history":[{"count":3,"href":"https:\/\/www.omerdental.com\/fr\/wp-json\/wp\/v2\/posts\/10396\/revisions"}],"predecessor-version":[{"id":16720,"href":"https:\/\/www.omerdental.com\/fr\/wp-json\/wp\/v2\/posts\/10396\/revisions\/16720"}],"wp:featuredmedia":[{"embeddable":true,"href":"https:\/\/www.omerdental.com\/fr\/wp-json\/wp\/v2\/media\/15729"}],"wp:attachment":[{"href":"https:\/\/www.omerdental.com\/fr\/wp-json\/wp\/v2\/media?parent=10396"}],"wp:term":[{"taxonomy":"category","embeddable":true,"href":"https:\/\/www.omerdental.com\/fr\/wp-json\/wp\/v2\/categories?post=10396"},{"taxonomy":"post_tag","embeddable":true,"href":"https:\/\/www.omerdental.com\/fr\/wp-json\/wp\/v2\/tags?post=10396"}],"curies":[{"name":"wp","href":"https:\/\/api.w.org\/{rel}","templated":true}]}}